{"id":166,"date":"2018-10-13T10:08:55","date_gmt":"2018-10-13T10:08:55","guid":{"rendered":"https:\/\/beauteduvin.neuronepl.com\/?p=166"},"modified":"2024-06-03T04:25:14","modified_gmt":"2024-06-03T04:25:14","slug":"soeur-angele-au-festival-folklorique-de-lisle-aux-coudres","status":"publish","type":"post","link":"https:\/\/labeauteduvin.com\/?p=166","title":{"rendered":"Soeur Ang\u00e8le au Festival Folklorique de l&#8217;Isle-aux-Coudres"},"content":{"rendered":"\n<p class=\"wp-block-paragraph\">Quel bonheur avons-nous eu derni\u00e8rement dans Charlevoix! : S\u0153ur Ang\u00e8le au Festival Folklorique de l\u2019Isle-aux-Coudres!<\/p>\n\n\n\n<p class=\"wp-block-paragraph\">Quelle belle \u00e9nergie donn\u00e9e sans mesure de la part de S\u0153ur Ang\u00e8le lors du quatri\u00e8me Festival Folklorique de l\u2019Isle-aux-Coudres. Le Festival vise \u00e0 faire remarquer les talents de la r\u00e9gion, \u00e0 faire d\u00e9couvrir les produits et \u00e0 c\u00e9l\u00e9brer la culture et la beaut\u00e9 naturelle de Charlevoix.<\/p>\n\n\n\n<p class=\"wp-block-paragraph\">Les organisateurs du Festival, Caroline Dufour, Simon Vadnais, Pierre Dufour et Fr\u00e9d\u00e9ric Boudreault, ont fait le bonheur de plusieurs personnes qui n\u2019arrivaient pas croire que S\u0153ur Ang\u00e8le \u00e9tait parmi elles. Quelle lib\u00e9ration de l\u2019esprit, si plaisante pour beaucoup de charlevoisiens. De partout, on entendait que des \u00e9loges.<\/p>\n\n\n\n<p class=\"wp-block-paragraph\">S\u0153ur Ang\u00e8le a anim\u00e9 un Pot Luck ainsi que la messe dominicale. Lors du Pot Luck, plusieurs producteurs se sont r\u00e9unis afin d\u2019exposer leurs produits et pour confectionner un plat \u00e0 partir de ceux-ci. C\u2019est Louis Harvey qui a coanim\u00e9 l\u2019\u00e9v\u00e9nement en compagnie de S\u0153ur Ang\u00e8le.<\/p>\n\n\n\n<p class=\"wp-block-paragraph\">Le publique \u00e9tait content de sa r\u00e9gion, les animateurs \u00e9taient amusants, les participants \u00e9taient fiers de leurs produits, et moi, moi j\u2019avais le c\u0153ur lib\u00e9r\u00e9 en ressentant l\u2019amour, le respect, l\u2019humilit\u00e9 et l\u2019\u00e9nergie qui se d\u00e9gageaient dans la salle. Succ\u00e8s total!<\/p>\n\n\n\n<p class=\"wp-block-paragraph\">Voici la liste de producteurs participants :<\/p>\n\n\n\n<p class=\"wp-block-paragraph\">Noelline Harvey, \u00c9picerie chez Paul : tarte au sucre blanc.<\/p>\n\n\n\n<p class=\"wp-block-paragraph\">Nathalie Harvey, GFFM Leclerc : p\u00e2t\u00e9 \u00e0 l\u2019\u00e9perlan.<\/p>\n\n\n\n<p class=\"wp-block-paragraph\">Michel Pedneault, Cidrerie et Vergers Pedneault : cidre et mistelle.<\/p>\n\n\n\n<p class=\"wp-block-paragraph\">Lucie Bergeron : p\u00e2t\u00e9 croche \u00e0 la p\u00e2te \u00e9bouillant\u00e9e.<\/p>\n\n\n\n<p class=\"wp-block-paragraph\">Marie-Jeanne Dufour : tarte \u00e0 la farlouche.<\/p>\n\n\n\n<p class=\"wp-block-paragraph\">Marie-Jos\u00e9e Ladouceur, Safran Charlevoix : vinaigrette de safran.<\/p>\n\n\n\n<p class=\"wp-block-paragraph\">Jean-Baptiste Desgagn\u00e9s : tarte aux tomates.<\/p>\n\n\n\n<p class=\"wp-block-paragraph\">Plus tard, dans la journ\u00e9e du samedi, on pouvait visiter le chapitre des artisans, manger sur place, prendre une bi\u00e8re, voir la parade de tracteurs et \u00e9couter de la musique.<\/p>\n\n\n\n<p class=\"wp-block-paragraph\">Visitez la section de Galerie des photos!<\/p>\n\n\n\n<p class=\"wp-block-paragraph\">Source d\u2019information : le m\u00eame \u00e9v\u00e9nement.<\/p>\n","protected":false},"excerpt":{"rendered":"<p>Quel bonheur avons-nous eu derni\u00e8rement dans Charlevoix! : S\u0153ur Ang\u00e8le au Festival Folklorique de l\u2019Isle-aux-Coudres! Quelle belle \u00e9nergie donn\u00e9e sans mesure de la part de S\u0153ur Ang\u00e8le lors du quatri\u00e8me Festival Folklorique de l\u2019Isle-aux-Coudres. Le Festival vise \u00e0 faire remarquer les talents de la r\u00e9gion, \u00e0 faire d\u00e9couvrir les produits et \u00e0 c\u00e9l\u00e9brer la culture [&hellip;]<\/p>\n","protected":false},"author":8,"featured_media":167,"comment_status":"closed","ping_status":"closed","sticky":false,"template":"","format":"standard","meta":{"_acf_changed":false,"footnotes":""},"categories":[24,3],"tags":[],"class_list":["post-166","post","type-post","status-publish","format-standard","has-post-thumbnail","hentry","category-charlevoix-et-la-cote-nord-de-quebec","category-evenements"],"acf":[],"yoast_head":"<!-- This site is optimized with the Yoast SEO plugin v28.3 - https:\/\/yoast.com\/product\/yoast-seo-wordpress\/ -->\n<title>Soeur Ang\u00e8le au Festival Folklorique de l&#039;Isle-aux-Coudres - La Beaut\u00e9 du vin<\/title>\n<meta name=\"robots\" content=\"index, follow, max-snippet:-1, max-image-preview:large, max-video-preview:-1\" \/>\n<link rel=\"canonical\" href=\"https:\/\/labeauteduvin.com\/?p=166\" \/>\n<meta property=\"og:locale\" content=\"en_US\" \/>\n<meta property=\"og:type\" content=\"article\" \/>\n<meta property=\"og:title\" content=\"Soeur Ang\u00e8le au Festival Folklorique de l&#039;Isle-aux-Coudres - La Beaut\u00e9 du vin\" \/>\n<meta property=\"og:description\" content=\"Quel bonheur avons-nous eu derni\u00e8rement dans Charlevoix! : S\u0153ur Ang\u00e8le au Festival Folklorique de l\u2019Isle-aux-Coudres! Quelle belle \u00e9nergie donn\u00e9e sans mesure de la part de S\u0153ur Ang\u00e8le lors du quatri\u00e8me Festival Folklorique de l\u2019Isle-aux-Coudres. Le Festival vise \u00e0 faire remarquer les talents de la r\u00e9gion, \u00e0 faire d\u00e9couvrir les produits et \u00e0 c\u00e9l\u00e9brer la culture [&hellip;]\" \/>\n<meta property=\"og:url\" content=\"https:\/\/labeauteduvin.com\/?p=166\" \/>\n<meta property=\"og:site_name\" content=\"La Beaut\u00e9 du vin\" \/>\n<meta property=\"article:published_time\" content=\"2018-10-13T10:08:55+00:00\" \/>\n<meta property=\"article:modified_time\" content=\"2024-06-03T04:25:14+00:00\" \/>\n<meta property=\"og:image\" content=\"https:\/\/labeauteduvin.com\/wp-content\/uploads\/2020\/07\/Soeur-Ange\u0300le-au-Festival-Folklorique-de-lIsle-aux-Coudres.png\" \/>\n\t<meta property=\"og:image:width\" content=\"796\" \/>\n\t<meta property=\"og:image:height\" content=\"796\" \/>\n\t<meta property=\"og:image:type\" content=\"image\/png\" \/>\n<meta name=\"author\" content=\"Susana Ochoa\" \/>\n<meta name=\"twitter:card\" content=\"summary_large_image\" \/>\n<meta name=\"twitter:label1\" content=\"Written by\" \/>\n\t<meta name=\"twitter:data1\" content=\"Susana Ochoa\" \/>\n\t<meta name=\"twitter:label2\" content=\"Est. reading time\" \/>\n\t<meta name=\"twitter:data2\" content=\"2 minutes\" \/>\n<script type=\"application\/ld+json\" class=\"yoast-schema-graph\">{\"@context\":\"https:\\\/\\\/schema.org\",\"@graph\":[{\"@type\":\"Article\",\"@id\":\"https:\\\/\\\/labeauteduvin.com\\\/?p=166#article\",\"isPartOf\":{\"@id\":\"https:\\\/\\\/labeauteduvin.com\\\/?p=166\"},\"author\":{\"name\":\"Susana Ochoa\",\"@id\":\"https:\\\/\\\/labeauteduvin.com\\\/#\\\/schema\\\/person\\\/eca3aced8c9ea0ac1f8e96dbed93a3b6\"},\"headline\":\"Soeur Ang\u00e8le au Festival Folklorique de l&#8217;Isle-aux-Coudres\",\"datePublished\":\"2018-10-13T10:08:55+00:00\",\"dateModified\":\"2024-06-03T04:25:14+00:00\",\"mainEntityOfPage\":{\"@id\":\"https:\\\/\\\/labeauteduvin.com\\\/?p=166\"},\"wordCount\":345,\"image\":{\"@id\":\"https:\\\/\\\/labeauteduvin.com\\\/?p=166#primaryimage\"},\"thumbnailUrl\":\"https:\\\/\\\/labeauteduvin.com\\\/wp-content\\\/uploads\\\/2020\\\/07\\\/Soeur-Ange\u0300le-au-Festival-Folklorique-de-lIsle-aux-Coudres.png\",\"articleSection\":[\"Charlevoix et la C\u00f4te-Nord de Qu\u00e9bec\",\"\u00c9v\u00e9nements\"],\"inLanguage\":\"en-US\"},{\"@type\":\"WebPage\",\"@id\":\"https:\\\/\\\/labeauteduvin.com\\\/?p=166\",\"url\":\"https:\\\/\\\/labeauteduvin.com\\\/?p=166\",\"name\":\"Soeur Ang\u00e8le au Festival Folklorique de l'Isle-aux-Coudres - La Beaut\u00e9 du vin\",\"isPartOf\":{\"@id\":\"https:\\\/\\\/labeauteduvin.com\\\/#website\"},\"primaryImageOfPage\":{\"@id\":\"https:\\\/\\\/labeauteduvin.com\\\/?p=166#primaryimage\"},\"image\":{\"@id\":\"https:\\\/\\\/labeauteduvin.com\\\/?p=166#primaryimage\"},\"thumbnailUrl\":\"https:\\\/\\\/labeauteduvin.com\\\/wp-content\\\/uploads\\\/2020\\\/07\\\/Soeur-Ange\u0300le-au-Festival-Folklorique-de-lIsle-aux-Coudres.png\",\"datePublished\":\"2018-10-13T10:08:55+00:00\",\"dateModified\":\"2024-06-03T04:25:14+00:00\",\"author\":{\"@id\":\"https:\\\/\\\/labeauteduvin.com\\\/#\\\/schema\\\/person\\\/eca3aced8c9ea0ac1f8e96dbed93a3b6\"},\"breadcrumb\":{\"@id\":\"https:\\\/\\\/labeauteduvin.com\\\/?p=166#breadcrumb\"},\"inLanguage\":\"en-US\",\"potentialAction\":[{\"@type\":\"ReadAction\",\"target\":[\"https:\\\/\\\/labeauteduvin.com\\\/?p=166\"]}]},{\"@type\":\"ImageObject\",\"inLanguage\":\"en-US\",\"@id\":\"https:\\\/\\\/labeauteduvin.com\\\/?p=166#primaryimage\",\"url\":\"https:\\\/\\\/labeauteduvin.com\\\/wp-content\\\/uploads\\\/2020\\\/07\\\/Soeur-Ange\u0300le-au-Festival-Folklorique-de-lIsle-aux-Coudres.png\",\"contentUrl\":\"https:\\\/\\\/labeauteduvin.com\\\/wp-content\\\/uploads\\\/2020\\\/07\\\/Soeur-Ange\u0300le-au-Festival-Folklorique-de-lIsle-aux-Coudres.png\",\"width\":796,\"height\":796},{\"@type\":\"BreadcrumbList\",\"@id\":\"https:\\\/\\\/labeauteduvin.com\\\/?p=166#breadcrumb\",\"itemListElement\":[{\"@type\":\"ListItem\",\"position\":1,\"name\":\"Accueil\",\"item\":\"https:\\\/\\\/labeauteduvin.com\\\/\"},{\"@type\":\"ListItem\",\"position\":2,\"name\":\"Soeur Ang\u00e8le au Festival Folklorique de l&#8217;Isle-aux-Coudres\"}]},{\"@type\":\"WebSite\",\"@id\":\"https:\\\/\\\/labeauteduvin.com\\\/#website\",\"url\":\"https:\\\/\\\/labeauteduvin.com\\\/\",\"name\":\"La Beaut\u00e9 du vin\",\"description\":\"&Eacute;v&eacute;nements, t&eacute;l&eacute;vision &amp; Animation\",\"potentialAction\":[{\"@type\":\"SearchAction\",\"target\":{\"@type\":\"EntryPoint\",\"urlTemplate\":\"https:\\\/\\\/labeauteduvin.com\\\/?s={search_term_string}\"},\"query-input\":{\"@type\":\"PropertyValueSpecification\",\"valueRequired\":true,\"valueName\":\"search_term_string\"}}],\"inLanguage\":\"en-US\"},{\"@type\":\"Person\",\"@id\":\"https:\\\/\\\/labeauteduvin.com\\\/#\\\/schema\\\/person\\\/eca3aced8c9ea0ac1f8e96dbed93a3b6\",\"name\":\"Susana Ochoa\",\"image\":{\"@type\":\"ImageObject\",\"inLanguage\":\"en-US\",\"@id\":\"https:\\\/\\\/secure.gravatar.com\\\/avatar\\\/7f47d4fe4621afb85569edf6d736169004b066d1a39168bf589989dc1d83b810?s=96&d=mm&r=g\",\"url\":\"https:\\\/\\\/secure.gravatar.com\\\/avatar\\\/7f47d4fe4621afb85569edf6d736169004b066d1a39168bf589989dc1d83b810?s=96&d=mm&r=g\",\"contentUrl\":\"https:\\\/\\\/secure.gravatar.com\\\/avatar\\\/7f47d4fe4621afb85569edf6d736169004b066d1a39168bf589989dc1d83b810?s=96&d=mm&r=g\",\"caption\":\"Susana Ochoa\"},\"url\":\"https:\\\/\\\/labeauteduvin.com\\\/?author=8\"}]}<\/script>\n<!-- \/ Yoast SEO plugin. -->","yoast_head_json":{"title":"Soeur Ang\u00e8le au Festival Folklorique de l'Isle-aux-Coudres - La Beaut\u00e9 du vin","robots":{"index":"index","follow":"follow","max-snippet":"max-snippet:-1","max-image-preview":"max-image-preview:large","max-video-preview":"max-video-preview:-1"},"canonical":"https:\/\/labeauteduvin.com\/?p=166","og_locale":"en_US","og_type":"article","og_title":"Soeur Ang\u00e8le au Festival Folklorique de l'Isle-aux-Coudres - La Beaut\u00e9 du vin","og_description":"Quel bonheur avons-nous eu derni\u00e8rement dans Charlevoix! : S\u0153ur Ang\u00e8le au Festival Folklorique de l\u2019Isle-aux-Coudres! Quelle belle \u00e9nergie donn\u00e9e sans mesure de la part de S\u0153ur Ang\u00e8le lors du quatri\u00e8me Festival Folklorique de l\u2019Isle-aux-Coudres. Le Festival vise \u00e0 faire remarquer les talents de la r\u00e9gion, \u00e0 faire d\u00e9couvrir les produits et \u00e0 c\u00e9l\u00e9brer la culture [&hellip;]","og_url":"https:\/\/labeauteduvin.com\/?p=166","og_site_name":"La Beaut\u00e9 du vin","article_published_time":"2018-10-13T10:08:55+00:00","article_modified_time":"2024-06-03T04:25:14+00:00","og_image":[{"width":796,"height":796,"url":"https:\/\/labeauteduvin.com\/wp-content\/uploads\/2020\/07\/Soeur-Ange\u0300le-au-Festival-Folklorique-de-lIsle-aux-Coudres.png","type":"image\/png"}],"author":"Susana Ochoa","twitter_card":"summary_large_image","twitter_misc":{"Written by":"Susana Ochoa","Est. reading time":"2 minutes"},"schema":{"@context":"https:\/\/schema.org","@graph":[{"@type":"Article","@id":"https:\/\/labeauteduvin.com\/?p=166#article","isPartOf":{"@id":"https:\/\/labeauteduvin.com\/?p=166"},"author":{"name":"Susana Ochoa","@id":"https:\/\/labeauteduvin.com\/#\/schema\/person\/eca3aced8c9ea0ac1f8e96dbed93a3b6"},"headline":"Soeur Ang\u00e8le au Festival Folklorique de l&#8217;Isle-aux-Coudres","datePublished":"2018-10-13T10:08:55+00:00","dateModified":"2024-06-03T04:25:14+00:00","mainEntityOfPage":{"@id":"https:\/\/labeauteduvin.com\/?p=166"},"wordCount":345,"image":{"@id":"https:\/\/labeauteduvin.com\/?p=166#primaryimage"},"thumbnailUrl":"https:\/\/labeauteduvin.com\/wp-content\/uploads\/2020\/07\/Soeur-Ange\u0300le-au-Festival-Folklorique-de-lIsle-aux-Coudres.png","articleSection":["Charlevoix et la C\u00f4te-Nord de Qu\u00e9bec","\u00c9v\u00e9nements"],"inLanguage":"en-US"},{"@type":"WebPage","@id":"https:\/\/labeauteduvin.com\/?p=166","url":"https:\/\/labeauteduvin.com\/?p=166","name":"Soeur Ang\u00e8le au Festival Folklorique de l'Isle-aux-Coudres - La Beaut\u00e9 du vin","isPartOf":{"@id":"https:\/\/labeauteduvin.com\/#website"},"primaryImageOfPage":{"@id":"https:\/\/labeauteduvin.com\/?p=166#primaryimage"},"image":{"@id":"https:\/\/labeauteduvin.com\/?p=166#primaryimage"},"thumbnailUrl":"https:\/\/labeauteduvin.com\/wp-content\/uploads\/2020\/07\/Soeur-Ange\u0300le-au-Festival-Folklorique-de-lIsle-aux-Coudres.png","datePublished":"2018-10-13T10:08:55+00:00","dateModified":"2024-06-03T04:25:14+00:00","author":{"@id":"https:\/\/labeauteduvin.com\/#\/schema\/person\/eca3aced8c9ea0ac1f8e96dbed93a3b6"},"breadcrumb":{"@id":"https:\/\/labeauteduvin.com\/?p=166#breadcrumb"},"inLanguage":"en-US","potentialAction":[{"@type":"ReadAction","target":["https:\/\/labeauteduvin.com\/?p=166"]}]},{"@type":"ImageObject","inLanguage":"en-US","@id":"https:\/\/labeauteduvin.com\/?p=166#primaryimage","url":"https:\/\/labeauteduvin.com\/wp-content\/uploads\/2020\/07\/Soeur-Ange\u0300le-au-Festival-Folklorique-de-lIsle-aux-Coudres.png","contentUrl":"https:\/\/labeauteduvin.com\/wp-content\/uploads\/2020\/07\/Soeur-Ange\u0300le-au-Festival-Folklorique-de-lIsle-aux-Coudres.png","width":796,"height":796},{"@type":"BreadcrumbList","@id":"https:\/\/labeauteduvin.com\/?p=166#breadcrumb","itemListElement":[{"@type":"ListItem","position":1,"name":"Accueil","item":"https:\/\/labeauteduvin.com\/"},{"@type":"ListItem","position":2,"name":"Soeur Ang\u00e8le au Festival Folklorique de l&#8217;Isle-aux-Coudres"}]},{"@type":"WebSite","@id":"https:\/\/labeauteduvin.com\/#website","url":"https:\/\/labeauteduvin.com\/","name":"La Beaut\u00e9 du vin","description":"&Eacute;v&eacute;nements, t&eacute;l&eacute;vision &amp; Animation","potentialAction":[{"@type":"SearchAction","target":{"@type":"EntryPoint","urlTemplate":"https:\/\/labeauteduvin.com\/?s={search_term_string}"},"query-input":{"@type":"PropertyValueSpecification","valueRequired":true,"valueName":"search_term_string"}}],"inLanguage":"en-US"},{"@type":"Person","@id":"https:\/\/labeauteduvin.com\/#\/schema\/person\/eca3aced8c9ea0ac1f8e96dbed93a3b6","name":"Susana Ochoa","image":{"@type":"ImageObject","inLanguage":"en-US","@id":"https:\/\/secure.gravatar.com\/avatar\/7f47d4fe4621afb85569edf6d736169004b066d1a39168bf589989dc1d83b810?s=96&d=mm&r=g","url":"https:\/\/secure.gravatar.com\/avatar\/7f47d4fe4621afb85569edf6d736169004b066d1a39168bf589989dc1d83b810?s=96&d=mm&r=g","contentUrl":"https:\/\/secure.gravatar.com\/avatar\/7f47d4fe4621afb85569edf6d736169004b066d1a39168bf589989dc1d83b810?s=96&d=mm&r=g","caption":"Susana Ochoa"},"url":"https:\/\/labeauteduvin.com\/?author=8"}]}},"_links":{"self":[{"href":"https:\/\/labeauteduvin.com\/index.php?rest_route=\/wp\/v2\/posts\/166","targetHints":{"allow":["GET"]}}],"collection":[{"href":"https:\/\/labeauteduvin.com\/index.php?rest_route=\/wp\/v2\/posts"}],"about":[{"href":"https:\/\/labeauteduvin.com\/index.php?rest_route=\/wp\/v2\/types\/post"}],"author":[{"embeddable":true,"href":"https:\/\/labeauteduvin.com\/index.php?rest_route=\/wp\/v2\/users\/8"}],"replies":[{"embeddable":true,"href":"https:\/\/labeauteduvin.com\/index.php?rest_route=%2Fwp%2Fv2%2Fcomments&post=166"}],"version-history":[{"count":0,"href":"https:\/\/labeauteduvin.com\/index.php?rest_route=\/wp\/v2\/posts\/166\/revisions"}],"wp:featuredmedia":[{"embeddable":true,"href":"https:\/\/labeauteduvin.com\/index.php?rest_route=\/wp\/v2\/media\/167"}],"wp:attachment":[{"href":"https:\/\/labeauteduvin.com\/index.php?rest_route=%2Fwp%2Fv2%2Fmedia&parent=166"}],"wp:term":[{"taxonomy":"category","embeddable":true,"href":"https:\/\/labeauteduvin.com\/index.php?rest_route=%2Fwp%2Fv2%2Fcategories&post=166"},{"taxonomy":"post_tag","embeddable":true,"href":"https:\/\/labeauteduvin.com\/index.php?rest_route=%2Fwp%2Fv2%2Ftags&post=166"}],"curies":[{"name":"wp","href":"https:\/\/api.w.org\/{rel}","templated":true}]}}