{"id":33,"date":"2018-02-13T18:33:18","date_gmt":"2018-02-13T18:33:18","guid":{"rendered":"https:\/\/beauteduvin.neuronepl.com\/?p=33"},"modified":"2024-06-03T04:25:14","modified_gmt":"2024-06-03T04:25:14","slug":"bodegas-castano-vignoble-espagnol-ne-vers-1700","status":"publish","type":"post","link":"https:\/\/labeauteduvin.com\/?p=33","title":{"rendered":"Bodegas Casta\u00f1o, vignoble espagnol n\u00e9 vers 1700"},"content":{"rendered":"\n<p class=\"wp-block-paragraph\">Situ\u00e9e dans le sud-est de l\u2019Espagne, \u00e0 l\u2019int\u00e9rieur de la province de Murcia et dans la zone plus haute de la r\u00e9gion, on d\u00e9couvre une D\u00e9nomination d\u2019Origine (DO) appel\u00e9 Yecla, qui comprend seulement une municipalit\u00e9 de 17,000 hectares. &#8220;Yecla&#8221;, le berceau de Bodegas CASTANO.<\/p>\n\n\n\n<p class=\"wp-block-paragraph\">A une \u00e9poque lointaine, les Romains se sont \u00e9tablis \u00e0 l\u2019Espagne. C\u2019est l\u2019empereur Adriano qui rest\u00e9 \u00e0 Yecla.<\/p>\n\n\n\n<p class=\"wp-block-paragraph\">Le vignoble CASTANO est n\u00e9 vers 1700. La famille CASTANO travaille ce domaine depuis 1918. Aujourd\u2019hui le domaine compte 600 hectares r\u00e9partis dans divers points de Yecla. Les vignes sont plant\u00e9es dans les vignobles \u00e0 une hauteur de 600 \u00e0 800 m\u00e8tres au-dessus du niveau de la mer. Hauteur qui va apporter des b\u00e9n\u00e9fices au raisin qui obtiendra une maturation et une fraicheur optimale au moment des vendanges.<\/p>\n\n\n\n<p class=\"wp-block-paragraph\">Les extr\u00eames \u00e9carts thermiques de Yecla sont de bons amis. Pendant l\u2019\u00e9t\u00e9, on pourra avoir une temp\u00e9rature jusqu\u2019\u00e0 40 degr\u00e9s le jour et \u00e0 15 degr\u00e9s la nuit. Ce contraste va nous aider \u00e0 avoir un taux de sucre et d\u2019acidit\u00e9 \u00e9quilibr\u00e9.<\/p>\n\n\n\n<p class=\"wp-block-paragraph\">Les vignobles sont vraiment pauvres en mati\u00e8re organique, les sols \u00e9tant faits de cailloux et de calcaires. C\u2019est exactement ce que requi\u00e8re notre c\u00e9page embl\u00e9matique, le Monastrel. Ce c\u00e9page, qui depuis l\u2019\u00e9poque romaine a \u00e9t\u00e9 \u00e9tabli \u00e0 Yecla, a comme particularit\u00e9 d\u2019\u00eatre tr\u00e8s r\u00e9sistant aux climats arides et secs. Il peut se passer des mois sans avoir une goutte d\u2019eau et malgr\u00e9 cela, le r\u00e9sultat sera optimal.<\/p>\n\n\n\n<p class=\"wp-block-paragraph\">Le 12 f\u00e9vrier dernier, en compagnie de son repr\u00e9sentant au Qu\u00e9bec, l\u2019agence AOC, le producteur Daniel CASTANO, de la quatri\u00e8me g\u00e9n\u00e9ration, nous a parl\u00e9 du domaine, nous a fait d\u00e9couvrir l\u2019appellation Yecla et nous a pr\u00e9sent\u00e9 quelques-uns de ses produits.<\/p>\n\n\n\n<p class=\"wp-block-paragraph\">Voici les produits d\u00e9gust\u00e9s :<\/p>\n\n\n\n<p class=\"wp-block-paragraph\">CASTANO Blanco 2016. Issu des c\u00e9pages Macabeo, Chardonnay et Sauvignon blanc. Pr\u00e9sente une robe jaune paille de profondeur moyenne. Un nez de bonne intensit\u00e9, floral et fruit\u00e9. Au gout une attaque d\u00e9licate et florale, avec une bonne acidit\u00e9. Lors de sa trajectoire, on trouve des fleurs, du miel et de la p\u00eache juteuse. La finale est subtile. Sec, frais, rond et f\u00e9minin. Il s\u2019est mari\u00e9 tr\u00e8s bien avec une mousse au saumon. (14.00$)<\/p>\n\n\n\n<p class=\"wp-block-paragraph\">H\u00e9cula 2015. 100% Monastrel. Belle robe cerise vivante. Il sent les fruits rouges et noirs. L\u2019attaque est fruit\u00e9e et bois\u00e9e. L\u2019acidit\u00e9 est pr\u00e9sente. Les tanins sont souples. L\u2019\u00e9volution est fruit\u00e9e, bois\u00e9e, \u00e9pic\u00e9e. On y d\u00e9tecte la framboise, la r\u00e9glisse, la cassis, la mure et le clou de girofle. La finale est \u00e9pic\u00e9e et amicale. Vin facile \u00e0 boire avec une longue persistance et un corps cors\u00e9. (12.10$)<\/p>\n\n\n\n<p class=\"wp-block-paragraph\">Le vignoble d\u2019H\u00e9cula a 60 ans. H\u00e9cula signifie Yecla en latin. L\u2019\u00e9tiquette repr\u00e9sente le visage sur un m\u00e9daillon qui a appartenu \u00e0 l\u2019empereur romain Adriano qui a habit\u00e9 \u00e0 Yecla. Le m\u00e9daillon a \u00e9t\u00e9 trouv\u00e9 enterr\u00e9 dans le domaine.<\/p>\n\n\n\n<p class=\"wp-block-paragraph\">Solanera vi\u00f1as viejas 2015. Issu majoritairement de vignes d\u2019environ 80 ans. Assemblage de Monastrel, de Cabernet Sauvignon et de Grenache. Vin puissant, au nez ouvert, avec des ar\u00f4mes de fruits, d\u2019\u00e9pices, de bois et de cacao. Bonne pr\u00e9sence en bouche, avec une acidit\u00e9 droite. Plein de fruits, tels que la prune, la figue et la cassis. Le bois, le cacao, le poivron et le clou de girofle apparaitront tout le long de son \u00e9volution. Les tanins sont charnus. Un vin solide qui va nous caresser le palet jusqu\u2019\u00e0 la finale. Beaucoup de caract\u00e8re et charmeur. (19.50$)<\/p>\n\n\n\n<p class=\"wp-block-paragraph\">Santa 2014. On est rendu au niveau sup\u00e9rieur. Bien qu\u2019il respire discr\u00e8tement des ar\u00f4mes de fruits, en bouche le vin devient vraiment expressif. Avec un corps robuste et une acidit\u00e9 \u00e9clat\u00e9e. Les tanins sont charnus, avec une longue persistance. \u00c9volution explosive de bois, de fruits noirs, de figues, de prunes, de cassis, de cacao, de vanille, d\u2019\u00e9pices et d\u2019\u00e9tincelles de fleurs mauves. Un vin riche, s\u00e9duisant, muscl\u00e9 et concentr\u00e9. (00.00$)<\/p>\n","protected":false},"excerpt":{"rendered":"<p>Situ\u00e9e dans le sud-est de l\u2019Espagne, \u00e0 l\u2019int\u00e9rieur de la province de Murcia et dans la zone plus haute de la r\u00e9gion, on d\u00e9couvre une D\u00e9nomination d\u2019Origine (DO) appel\u00e9 Yecla, qui comprend seulement une municipalit\u00e9 de 17,000 hectares. &#8220;Yecla&#8221;, le berceau de Bodegas CASTANO. A une \u00e9poque lointaine, les Romains se sont \u00e9tablis \u00e0 l\u2019Espagne. [&hellip;]<\/p>\n","protected":false},"author":8,"featured_media":34,"comment_status":"closed","ping_status":"closed","sticky":false,"template":"","format":"standard","meta":{"_acf_changed":false,"footnotes":""},"categories":[13],"tags":[],"class_list":["post-33","post","type-post","status-publish","format-standard","has-post-thumbnail","hentry","category-quebec"],"acf":[],"yoast_head":"<!-- This site is optimized with the Yoast SEO plugin v28.3 - https:\/\/yoast.com\/product\/yoast-seo-wordpress\/ -->\n<title>Bodegas Casta\u00f1o, vignoble espagnol n\u00e9 vers 1700 - La Beaut\u00e9 du vin<\/title>\n<meta name=\"robots\" content=\"index, follow, max-snippet:-1, max-image-preview:large, max-video-preview:-1\" \/>\n<link rel=\"canonical\" href=\"https:\/\/labeauteduvin.com\/?p=33\" \/>\n<meta property=\"og:locale\" content=\"en_US\" \/>\n<meta property=\"og:type\" content=\"article\" \/>\n<meta property=\"og:title\" content=\"Bodegas Casta\u00f1o, vignoble espagnol n\u00e9 vers 1700 - La Beaut\u00e9 du vin\" \/>\n<meta property=\"og:description\" content=\"Situ\u00e9e dans le sud-est de l\u2019Espagne, \u00e0 l\u2019int\u00e9rieur de la province de Murcia et dans la zone plus haute de la r\u00e9gion, on d\u00e9couvre une D\u00e9nomination d\u2019Origine (DO) appel\u00e9 Yecla, qui comprend seulement une municipalit\u00e9 de 17,000 hectares. &#8220;Yecla&#8221;, le berceau de Bodegas CASTANO. A une \u00e9poque lointaine, les Romains se sont \u00e9tablis \u00e0 l\u2019Espagne. [&hellip;]\" \/>\n<meta property=\"og:url\" content=\"https:\/\/labeauteduvin.com\/?p=33\" \/>\n<meta property=\"og:site_name\" content=\"La Beaut\u00e9 du vin\" \/>\n<meta property=\"article:published_time\" content=\"2018-02-13T18:33:18+00:00\" \/>\n<meta property=\"article:modified_time\" content=\"2024-06-03T04:25:14+00:00\" \/>\n<meta property=\"og:image\" content=\"https:\/\/labeauteduvin.com\/wp-content\/uploads\/2020\/06\/Bodegas-Castan\u0303o-vignoble-espagnol-ne\u0301-vers-1700.png\" \/>\n\t<meta property=\"og:image:width\" content=\"1080\" \/>\n\t<meta property=\"og:image:height\" content=\"608\" \/>\n\t<meta property=\"og:image:type\" content=\"image\/png\" \/>\n<meta name=\"author\" content=\"Susana Ochoa\" \/>\n<meta name=\"twitter:card\" content=\"summary_large_image\" \/>\n<meta name=\"twitter:label1\" content=\"Written by\" \/>\n\t<meta name=\"twitter:data1\" content=\"Susana Ochoa\" \/>\n\t<meta name=\"twitter:label2\" content=\"Est. reading time\" \/>\n\t<meta name=\"twitter:data2\" content=\"3 minutes\" \/>\n<script type=\"application\/ld+json\" class=\"yoast-schema-graph\">{\"@context\":\"https:\\\/\\\/schema.org\",\"@graph\":[{\"@type\":\"Article\",\"@id\":\"https:\\\/\\\/labeauteduvin.com\\\/?p=33#article\",\"isPartOf\":{\"@id\":\"https:\\\/\\\/labeauteduvin.com\\\/?p=33\"},\"author\":{\"name\":\"Susana Ochoa\",\"@id\":\"https:\\\/\\\/labeauteduvin.com\\\/#\\\/schema\\\/person\\\/eca3aced8c9ea0ac1f8e96dbed93a3b6\"},\"headline\":\"Bodegas Casta\u00f1o, vignoble espagnol n\u00e9 vers 1700\",\"datePublished\":\"2018-02-13T18:33:18+00:00\",\"dateModified\":\"2024-06-03T04:25:14+00:00\",\"mainEntityOfPage\":{\"@id\":\"https:\\\/\\\/labeauteduvin.com\\\/?p=33\"},\"wordCount\":693,\"image\":{\"@id\":\"https:\\\/\\\/labeauteduvin.com\\\/?p=33#primaryimage\"},\"thumbnailUrl\":\"https:\\\/\\\/labeauteduvin.com\\\/wp-content\\\/uploads\\\/2020\\\/06\\\/Bodegas-Castan\u0303o-vignoble-espagnol-ne\u0301-vers-1700.png\",\"articleSection\":[\"Qu\u00e9bec\"],\"inLanguage\":\"en-US\"},{\"@type\":\"WebPage\",\"@id\":\"https:\\\/\\\/labeauteduvin.com\\\/?p=33\",\"url\":\"https:\\\/\\\/labeauteduvin.com\\\/?p=33\",\"name\":\"Bodegas Casta\u00f1o, vignoble espagnol n\u00e9 vers 1700 - La Beaut\u00e9 du vin\",\"isPartOf\":{\"@id\":\"https:\\\/\\\/labeauteduvin.com\\\/#website\"},\"primaryImageOfPage\":{\"@id\":\"https:\\\/\\\/labeauteduvin.com\\\/?p=33#primaryimage\"},\"image\":{\"@id\":\"https:\\\/\\\/labeauteduvin.com\\\/?p=33#primaryimage\"},\"thumbnailUrl\":\"https:\\\/\\\/labeauteduvin.com\\\/wp-content\\\/uploads\\\/2020\\\/06\\\/Bodegas-Castan\u0303o-vignoble-espagnol-ne\u0301-vers-1700.png\",\"datePublished\":\"2018-02-13T18:33:18+00:00\",\"dateModified\":\"2024-06-03T04:25:14+00:00\",\"author\":{\"@id\":\"https:\\\/\\\/labeauteduvin.com\\\/#\\\/schema\\\/person\\\/eca3aced8c9ea0ac1f8e96dbed93a3b6\"},\"breadcrumb\":{\"@id\":\"https:\\\/\\\/labeauteduvin.com\\\/?p=33#breadcrumb\"},\"inLanguage\":\"en-US\",\"potentialAction\":[{\"@type\":\"ReadAction\",\"target\":[\"https:\\\/\\\/labeauteduvin.com\\\/?p=33\"]}]},{\"@type\":\"ImageObject\",\"inLanguage\":\"en-US\",\"@id\":\"https:\\\/\\\/labeauteduvin.com\\\/?p=33#primaryimage\",\"url\":\"https:\\\/\\\/labeauteduvin.com\\\/wp-content\\\/uploads\\\/2020\\\/06\\\/Bodegas-Castan\u0303o-vignoble-espagnol-ne\u0301-vers-1700.png\",\"contentUrl\":\"https:\\\/\\\/labeauteduvin.com\\\/wp-content\\\/uploads\\\/2020\\\/06\\\/Bodegas-Castan\u0303o-vignoble-espagnol-ne\u0301-vers-1700.png\",\"width\":1080,\"height\":608},{\"@type\":\"BreadcrumbList\",\"@id\":\"https:\\\/\\\/labeauteduvin.com\\\/?p=33#breadcrumb\",\"itemListElement\":[{\"@type\":\"ListItem\",\"position\":1,\"name\":\"Accueil\",\"item\":\"https:\\\/\\\/labeauteduvin.com\\\/\"},{\"@type\":\"ListItem\",\"position\":2,\"name\":\"Bodegas Casta\u00f1o, vignoble espagnol n\u00e9 vers 1700\"}]},{\"@type\":\"WebSite\",\"@id\":\"https:\\\/\\\/labeauteduvin.com\\\/#website\",\"url\":\"https:\\\/\\\/labeauteduvin.com\\\/\",\"name\":\"La Beaut\u00e9 du vin\",\"description\":\"&Eacute;v&eacute;nements, t&eacute;l&eacute;vision &amp; Animation\",\"potentialAction\":[{\"@type\":\"SearchAction\",\"target\":{\"@type\":\"EntryPoint\",\"urlTemplate\":\"https:\\\/\\\/labeauteduvin.com\\\/?s={search_term_string}\"},\"query-input\":{\"@type\":\"PropertyValueSpecification\",\"valueRequired\":true,\"valueName\":\"search_term_string\"}}],\"inLanguage\":\"en-US\"},{\"@type\":\"Person\",\"@id\":\"https:\\\/\\\/labeauteduvin.com\\\/#\\\/schema\\\/person\\\/eca3aced8c9ea0ac1f8e96dbed93a3b6\",\"name\":\"Susana Ochoa\",\"image\":{\"@type\":\"ImageObject\",\"inLanguage\":\"en-US\",\"@id\":\"https:\\\/\\\/secure.gravatar.com\\\/avatar\\\/7f47d4fe4621afb85569edf6d736169004b066d1a39168bf589989dc1d83b810?s=96&d=mm&r=g\",\"url\":\"https:\\\/\\\/secure.gravatar.com\\\/avatar\\\/7f47d4fe4621afb85569edf6d736169004b066d1a39168bf589989dc1d83b810?s=96&d=mm&r=g\",\"contentUrl\":\"https:\\\/\\\/secure.gravatar.com\\\/avatar\\\/7f47d4fe4621afb85569edf6d736169004b066d1a39168bf589989dc1d83b810?s=96&d=mm&r=g\",\"caption\":\"Susana Ochoa\"},\"url\":\"https:\\\/\\\/labeauteduvin.com\\\/?author=8\"}]}<\/script>\n<!-- \/ Yoast SEO plugin. -->","yoast_head_json":{"title":"Bodegas Casta\u00f1o, vignoble espagnol n\u00e9 vers 1700 - La Beaut\u00e9 du vin","robots":{"index":"index","follow":"follow","max-snippet":"max-snippet:-1","max-image-preview":"max-image-preview:large","max-video-preview":"max-video-preview:-1"},"canonical":"https:\/\/labeauteduvin.com\/?p=33","og_locale":"en_US","og_type":"article","og_title":"Bodegas Casta\u00f1o, vignoble espagnol n\u00e9 vers 1700 - La Beaut\u00e9 du vin","og_description":"Situ\u00e9e dans le sud-est de l\u2019Espagne, \u00e0 l\u2019int\u00e9rieur de la province de Murcia et dans la zone plus haute de la r\u00e9gion, on d\u00e9couvre une D\u00e9nomination d\u2019Origine (DO) appel\u00e9 Yecla, qui comprend seulement une municipalit\u00e9 de 17,000 hectares. &#8220;Yecla&#8221;, le berceau de Bodegas CASTANO. A une \u00e9poque lointaine, les Romains se sont \u00e9tablis \u00e0 l\u2019Espagne. [&hellip;]","og_url":"https:\/\/labeauteduvin.com\/?p=33","og_site_name":"La Beaut\u00e9 du vin","article_published_time":"2018-02-13T18:33:18+00:00","article_modified_time":"2024-06-03T04:25:14+00:00","og_image":[{"width":1080,"height":608,"url":"https:\/\/labeauteduvin.com\/wp-content\/uploads\/2020\/06\/Bodegas-Castan\u0303o-vignoble-espagnol-ne\u0301-vers-1700.png","type":"image\/png"}],"author":"Susana Ochoa","twitter_card":"summary_large_image","twitter_misc":{"Written by":"Susana Ochoa","Est. reading time":"3 minutes"},"schema":{"@context":"https:\/\/schema.org","@graph":[{"@type":"Article","@id":"https:\/\/labeauteduvin.com\/?p=33#article","isPartOf":{"@id":"https:\/\/labeauteduvin.com\/?p=33"},"author":{"name":"Susana Ochoa","@id":"https:\/\/labeauteduvin.com\/#\/schema\/person\/eca3aced8c9ea0ac1f8e96dbed93a3b6"},"headline":"Bodegas Casta\u00f1o, vignoble espagnol n\u00e9 vers 1700","datePublished":"2018-02-13T18:33:18+00:00","dateModified":"2024-06-03T04:25:14+00:00","mainEntityOfPage":{"@id":"https:\/\/labeauteduvin.com\/?p=33"},"wordCount":693,"image":{"@id":"https:\/\/labeauteduvin.com\/?p=33#primaryimage"},"thumbnailUrl":"https:\/\/labeauteduvin.com\/wp-content\/uploads\/2020\/06\/Bodegas-Castan\u0303o-vignoble-espagnol-ne\u0301-vers-1700.png","articleSection":["Qu\u00e9bec"],"inLanguage":"en-US"},{"@type":"WebPage","@id":"https:\/\/labeauteduvin.com\/?p=33","url":"https:\/\/labeauteduvin.com\/?p=33","name":"Bodegas Casta\u00f1o, vignoble espagnol n\u00e9 vers 1700 - La Beaut\u00e9 du vin","isPartOf":{"@id":"https:\/\/labeauteduvin.com\/#website"},"primaryImageOfPage":{"@id":"https:\/\/labeauteduvin.com\/?p=33#primaryimage"},"image":{"@id":"https:\/\/labeauteduvin.com\/?p=33#primaryimage"},"thumbnailUrl":"https:\/\/labeauteduvin.com\/wp-content\/uploads\/2020\/06\/Bodegas-Castan\u0303o-vignoble-espagnol-ne\u0301-vers-1700.png","datePublished":"2018-02-13T18:33:18+00:00","dateModified":"2024-06-03T04:25:14+00:00","author":{"@id":"https:\/\/labeauteduvin.com\/#\/schema\/person\/eca3aced8c9ea0ac1f8e96dbed93a3b6"},"breadcrumb":{"@id":"https:\/\/labeauteduvin.com\/?p=33#breadcrumb"},"inLanguage":"en-US","potentialAction":[{"@type":"ReadAction","target":["https:\/\/labeauteduvin.com\/?p=33"]}]},{"@type":"ImageObject","inLanguage":"en-US","@id":"https:\/\/labeauteduvin.com\/?p=33#primaryimage","url":"https:\/\/labeauteduvin.com\/wp-content\/uploads\/2020\/06\/Bodegas-Castan\u0303o-vignoble-espagnol-ne\u0301-vers-1700.png","contentUrl":"https:\/\/labeauteduvin.com\/wp-content\/uploads\/2020\/06\/Bodegas-Castan\u0303o-vignoble-espagnol-ne\u0301-vers-1700.png","width":1080,"height":608},{"@type":"BreadcrumbList","@id":"https:\/\/labeauteduvin.com\/?p=33#breadcrumb","itemListElement":[{"@type":"ListItem","position":1,"name":"Accueil","item":"https:\/\/labeauteduvin.com\/"},{"@type":"ListItem","position":2,"name":"Bodegas Casta\u00f1o, vignoble espagnol n\u00e9 vers 1700"}]},{"@type":"WebSite","@id":"https:\/\/labeauteduvin.com\/#website","url":"https:\/\/labeauteduvin.com\/","name":"La Beaut\u00e9 du vin","description":"&Eacute;v&eacute;nements, t&eacute;l&eacute;vision &amp; Animation","potentialAction":[{"@type":"SearchAction","target":{"@type":"EntryPoint","urlTemplate":"https:\/\/labeauteduvin.com\/?s={search_term_string}"},"query-input":{"@type":"PropertyValueSpecification","valueRequired":true,"valueName":"search_term_string"}}],"inLanguage":"en-US"},{"@type":"Person","@id":"https:\/\/labeauteduvin.com\/#\/schema\/person\/eca3aced8c9ea0ac1f8e96dbed93a3b6","name":"Susana Ochoa","image":{"@type":"ImageObject","inLanguage":"en-US","@id":"https:\/\/secure.gravatar.com\/avatar\/7f47d4fe4621afb85569edf6d736169004b066d1a39168bf589989dc1d83b810?s=96&d=mm&r=g","url":"https:\/\/secure.gravatar.com\/avatar\/7f47d4fe4621afb85569edf6d736169004b066d1a39168bf589989dc1d83b810?s=96&d=mm&r=g","contentUrl":"https:\/\/secure.gravatar.com\/avatar\/7f47d4fe4621afb85569edf6d736169004b066d1a39168bf589989dc1d83b810?s=96&d=mm&r=g","caption":"Susana Ochoa"},"url":"https:\/\/labeauteduvin.com\/?author=8"}]}},"_links":{"self":[{"href":"https:\/\/labeauteduvin.com\/index.php?rest_route=\/wp\/v2\/posts\/33","targetHints":{"allow":["GET"]}}],"collection":[{"href":"https:\/\/labeauteduvin.com\/index.php?rest_route=\/wp\/v2\/posts"}],"about":[{"href":"https:\/\/labeauteduvin.com\/index.php?rest_route=\/wp\/v2\/types\/post"}],"author":[{"embeddable":true,"href":"https:\/\/labeauteduvin.com\/index.php?rest_route=\/wp\/v2\/users\/8"}],"replies":[{"embeddable":true,"href":"https:\/\/labeauteduvin.com\/index.php?rest_route=%2Fwp%2Fv2%2Fcomments&post=33"}],"version-history":[{"count":0,"href":"https:\/\/labeauteduvin.com\/index.php?rest_route=\/wp\/v2\/posts\/33\/revisions"}],"wp:featuredmedia":[{"embeddable":true,"href":"https:\/\/labeauteduvin.com\/index.php?rest_route=\/wp\/v2\/media\/34"}],"wp:attachment":[{"href":"https:\/\/labeauteduvin.com\/index.php?rest_route=%2Fwp%2Fv2%2Fmedia&parent=33"}],"wp:term":[{"taxonomy":"category","embeddable":true,"href":"https:\/\/labeauteduvin.com\/index.php?rest_route=%2Fwp%2Fv2%2Fcategories&post=33"},{"taxonomy":"post_tag","embeddable":true,"href":"https:\/\/labeauteduvin.com\/index.php?rest_route=%2Fwp%2Fv2%2Ftags&post=33"}],"curies":[{"name":"wp","href":"https:\/\/api.w.org\/{rel}","templated":true}]}}