{"id":36,"date":"2018-02-21T18:37:41","date_gmt":"2018-02-21T18:37:41","guid":{"rendered":"https:\/\/beauteduvin.neuronepl.com\/?p=36"},"modified":"2024-06-03T04:25:14","modified_gmt":"2024-06-03T04:25:14","slug":"bodegas-valdemar-le-conde-espagnol-favori-de-quebec","status":"publish","type":"post","link":"https:\/\/labeauteduvin.com\/?p=36","title":{"rendered":"Bodegas Valdemar"},"content":{"rendered":"\n<p class=\"wp-block-paragraph\">Bodegas Valdemar. 20 f\u00e9vrier 2018.<\/p>\n\n\n\n<p class=\"wp-block-paragraph\">Apr\u00e8s 129 ans de passion pour le vin, le savoir-faire de Bodegas Valdemar est encore en feu. Bodegas Valdemar a \u00e9t\u00e9 fond\u00e9e en 1889 par Joaqu\u00edn Mart\u00ednez Bujanda. Il a fallu trois g\u00e9n\u00e9rations, avant que le domaine ne se lance \u00e0 la recherche de nouveaux terroirs qui lui donneraient des vins de meilleure qualit\u00e9.<\/p>\n\n\n\n<p class=\"wp-block-paragraph\">C\u2019est Jes\u00fas Mart\u00ednes Bujanda, de la quatri\u00e8me g\u00e9n\u00e9ration, qui a cr\u00e9\u00e9 la gamme Conde Valdemar. Un domaine avec beaucoup de technologies pour l\u2019\u00e9poque et une philosophie de faire des vins diff\u00e9rents qui seraient l\u2019expression directe de la terre. Bodegas Valdemar s\u2019est ainsi sp\u00e9cialis\u00e9 \u00e0 en faire des vins de GRANDS RESERVA.&nbsp;<\/p>\n\n\n\n<p class=\"wp-block-paragraph\">Aujourd\u2019hui c\u2019est le tour \u00e0 Ana et Jes\u00fas V, qui eux, ont \u00e9t\u00e9 inspir\u00e9s par les c\u00e9pages autochtones Graciano et Maturana. C\u2019est gr\u00e2ce \u00e0 ces deux anciens c\u00e9pages qu\u2019Ana et Jes\u00fas ont donn\u00e9 vie \u00e0 Inspiration Valdemar. En 2016 ils ont pr\u00e9sent\u00e9 Finca del Marquesado. Vin \u00e9labor\u00e9 dans les sols de l\u2019un des plus importants vignobles de la Rioja.<\/p>\n\n\n\n<p class=\"wp-block-paragraph\">Actuellement la famille Mart\u00ednez Bujanda est propri\u00e9taire de plus de 250 hectares de vignobles partout : Rioja Alta, Rioja Alavesa et Rioja Baja. On peut encore y trouver des ceps qui ont jusqu\u2019\u00e0 130 ans d\u2019\u00e2ge. Toute la production Valdemar provient uniquement de ses vignobles, ce qui a pour effet de nous garantir un grand contr\u00f4le de la qualit\u00e9.<\/p>\n\n\n\n<p class=\"wp-block-paragraph\">C\u2019est Roberto Alonso, l\u2019export-cadre de la maison Valdemar, qui a \u00e9t\u00e9 l\u2019h\u00f4te \u00e0 la d\u00e9gustation qui a eu lieu \u00e0 l\u2019\u00c9cole des M\u00e9tiers de la Restauration du tourisme de Montr\u00e9al. Roberto nous a pr\u00e9sent\u00e9 quatre vins de la gamme Conde Valdemar et deux de la gamme Inspiration Valdemar.<\/p>\n\n\n\n<p class=\"wp-block-paragraph\">Conde Valdemar Viura Verdejo 2016. Belle robe jaune, brillante avec des reflets verts. Le vin d\u00e9gage de subtils ar\u00f4mes de fleurs et de fruits. Il y a des notes d\u2019agrumes \u00e0 l\u2019attaque. Bonne acidit\u00e9. Des agrumes, des noyaux et de la pomme jaune surgissent de fa\u00e7on d\u00e9licate lors de son \u00e9volution. Sec, l\u00e9ger et frais. (15.10$)<\/p>\n\n\n\n<p class=\"wp-block-paragraph\">Inspiraci\u00f3n Valdemar Tempranillo Blanco 2016. Il d\u00e9voile des notes de fleur et de miel. L\u2019attaque est aigre-douce, avec une acidit\u00e9 d\u00e9licate. La persistance est fine, alors que la camomille et les lies se d\u00e9veloppent. Sec. La finale, ainsi que le corps sont l\u00e9g\u00e8res, discrets et floraux. (19.90$)<\/p>\n\n\n\n<p class=\"wp-block-paragraph\">Conde de Valdemar Crianza 2013. Rouge cerise intense. Il sent le bois et les fruits. La premi\u00e8re impression en bouche est vraiment invitante. Le bois, les fruits noirs, la cannelle et la vanille sont toujours pr\u00e9sents. Les tanins sont soyeux. Vin sec. L\u2019acidit\u00e9 remarquable, la persistance respectable et la finale invitante. (15.75$)<\/p>\n\n\n\n<p class=\"wp-block-paragraph\">Conde Valdemar Reserva 2010. Rouge grenat profond. Le vin se d\u00e9marque par ses intenses ar\u00f4mes fruit\u00e9s et \u00e9pic\u00e9s, ainsi que par sa bonne pr\u00e9sence en bouche. Sec avec une adorable acidit\u00e9. Les tanins charnus se m\u00ealent bien avec les fruits rouges et noirs en confiture, le bois et l\u2019eucalyptus. Une touche d\u2019\u00e9pices \u00e0 la finale. Cors\u00e9, aromatique et vigoureux. (20.45$)<\/p>\n\n\n\n<p class=\"wp-block-paragraph\">Conde de Valdemar Gran Reserva 2008. On vient de passer \u00e0 un autre niveau. Poss\u00e9dant un nez complexe, il nous invite \u00e0 le d\u00e9guster. Fidel aux ar\u00f4mes per\u00e7us \u00e0 l\u2019olfaction, ce vin rouge cerise, profond, nous offre des fruits noirs, des \u00e9pices, des notes balsamiques, du tabac, de la cannelle et du bois. Tout \u00e7a, d\u00e8s qu\u2019on prend la coupe jusqu\u2019\u00e0 la finale. Bonne acidit\u00e9 et tanins solides. La persistance est longitudinale. Cors\u00e9, robuste et courageux. (31.75$)<\/p>\n\n\n\n<p class=\"wp-block-paragraph\">Valdemar Inspiraci\u00f3n Tempranillo 2012. Nous sommes devant un vin d\u2019initiation. Nez plaisant de fruits et des fleurs mauves. Des petits fruits rouges et noirs. L\u2019attaque est fruit\u00e9e et invitante. Vin sec. Acidit\u00e9 pr\u00e9sente. Tanins enrob\u00e9s. \u00c9volution garnie de bois, de fruits, de cannelle et de r\u00e9glisse rouges. Longue persistance o\u00f9 s\u2019expriment la volupt\u00e9 et le caract\u00e8re de ce vin. Cors\u00e9, original, envelopp\u00e9 et complet. Le vin id\u00e9al pour initier quelqu\u2019un. (18.60$)<\/p>\n","protected":false},"excerpt":{"rendered":"<p>Bodegas Valdemar. 20 f\u00e9vrier 2018. Apr\u00e8s 129 ans de passion pour le vin, le savoir-faire de Bodegas Valdemar est encore en feu. Bodegas Valdemar a \u00e9t\u00e9 fond\u00e9e en 1889 par Joaqu\u00edn Mart\u00ednez Bujanda. Il a fallu trois g\u00e9n\u00e9rations, avant que le domaine ne se lance \u00e0 la recherche de nouveaux terroirs qui lui donneraient des [&hellip;]<\/p>\n","protected":false},"author":8,"featured_media":37,"comment_status":"closed","ping_status":"closed","sticky":false,"template":"","format":"standard","meta":{"_acf_changed":false,"footnotes":""},"categories":[5,3],"tags":[],"class_list":["post-36","post","type-post","status-publish","format-standard","has-post-thumbnail","hentry","category-espagne","category-evenements"],"acf":[],"yoast_head":"<!-- This site is optimized with the Yoast SEO plugin v28.3 - https:\/\/yoast.com\/product\/yoast-seo-wordpress\/ -->\n<title>Bodegas Valdemar - La Beaut\u00e9 du vin<\/title>\n<meta name=\"robots\" content=\"index, follow, max-snippet:-1, max-image-preview:large, max-video-preview:-1\" \/>\n<link rel=\"canonical\" href=\"https:\/\/labeauteduvin.com\/?p=36\" \/>\n<meta property=\"og:locale\" content=\"en_US\" \/>\n<meta property=\"og:type\" content=\"article\" \/>\n<meta property=\"og:title\" content=\"Bodegas Valdemar - La Beaut\u00e9 du vin\" \/>\n<meta property=\"og:description\" content=\"Bodegas Valdemar. 20 f\u00e9vrier 2018. Apr\u00e8s 129 ans de passion pour le vin, le savoir-faire de Bodegas Valdemar est encore en feu. Bodegas Valdemar a \u00e9t\u00e9 fond\u00e9e en 1889 par Joaqu\u00edn Mart\u00ednez Bujanda. Il a fallu trois g\u00e9n\u00e9rations, avant que le domaine ne se lance \u00e0 la recherche de nouveaux terroirs qui lui donneraient des [&hellip;]\" \/>\n<meta property=\"og:url\" content=\"https:\/\/labeauteduvin.com\/?p=36\" \/>\n<meta property=\"og:site_name\" content=\"La Beaut\u00e9 du vin\" \/>\n<meta property=\"article:published_time\" content=\"2018-02-21T18:37:41+00:00\" \/>\n<meta property=\"article:modified_time\" content=\"2024-06-03T04:25:14+00:00\" \/>\n<meta property=\"og:image\" content=\"https:\/\/labeauteduvin.com\/wp-content\/uploads\/2020\/06\/Bodegas-Valdemar-le-Conde-espagnol-favori-de-Que\u0301bec.png\" \/>\n\t<meta property=\"og:image:width\" content=\"916\" \/>\n\t<meta property=\"og:image:height\" content=\"1236\" \/>\n\t<meta property=\"og:image:type\" content=\"image\/png\" \/>\n<meta name=\"author\" content=\"Susana Ochoa\" \/>\n<meta name=\"twitter:card\" content=\"summary_large_image\" \/>\n<meta name=\"twitter:label1\" content=\"Written by\" \/>\n\t<meta name=\"twitter:data1\" content=\"Susana Ochoa\" \/>\n\t<meta name=\"twitter:label2\" content=\"Est. reading time\" \/>\n\t<meta name=\"twitter:data2\" content=\"3 minutes\" \/>\n<script type=\"application\/ld+json\" class=\"yoast-schema-graph\">{\"@context\":\"https:\\\/\\\/schema.org\",\"@graph\":[{\"@type\":\"Article\",\"@id\":\"https:\\\/\\\/labeauteduvin.com\\\/?p=36#article\",\"isPartOf\":{\"@id\":\"https:\\\/\\\/labeauteduvin.com\\\/?p=36\"},\"author\":{\"name\":\"Susana Ochoa\",\"@id\":\"https:\\\/\\\/labeauteduvin.com\\\/#\\\/schema\\\/person\\\/eca3aced8c9ea0ac1f8e96dbed93a3b6\"},\"headline\":\"Bodegas Valdemar\",\"datePublished\":\"2018-02-21T18:37:41+00:00\",\"dateModified\":\"2024-06-03T04:25:14+00:00\",\"mainEntityOfPage\":{\"@id\":\"https:\\\/\\\/labeauteduvin.com\\\/?p=36\"},\"wordCount\":696,\"image\":{\"@id\":\"https:\\\/\\\/labeauteduvin.com\\\/?p=36#primaryimage\"},\"thumbnailUrl\":\"https:\\\/\\\/labeauteduvin.com\\\/wp-content\\\/uploads\\\/2020\\\/06\\\/Bodegas-Valdemar-le-Conde-espagnol-favori-de-Que\u0301bec.png\",\"articleSection\":[\"Espagne\",\"\u00c9v\u00e9nements\"],\"inLanguage\":\"en-US\"},{\"@type\":\"WebPage\",\"@id\":\"https:\\\/\\\/labeauteduvin.com\\\/?p=36\",\"url\":\"https:\\\/\\\/labeauteduvin.com\\\/?p=36\",\"name\":\"Bodegas Valdemar - La Beaut\u00e9 du vin\",\"isPartOf\":{\"@id\":\"https:\\\/\\\/labeauteduvin.com\\\/#website\"},\"primaryImageOfPage\":{\"@id\":\"https:\\\/\\\/labeauteduvin.com\\\/?p=36#primaryimage\"},\"image\":{\"@id\":\"https:\\\/\\\/labeauteduvin.com\\\/?p=36#primaryimage\"},\"thumbnailUrl\":\"https:\\\/\\\/labeauteduvin.com\\\/wp-content\\\/uploads\\\/2020\\\/06\\\/Bodegas-Valdemar-le-Conde-espagnol-favori-de-Que\u0301bec.png\",\"datePublished\":\"2018-02-21T18:37:41+00:00\",\"dateModified\":\"2024-06-03T04:25:14+00:00\",\"author\":{\"@id\":\"https:\\\/\\\/labeauteduvin.com\\\/#\\\/schema\\\/person\\\/eca3aced8c9ea0ac1f8e96dbed93a3b6\"},\"breadcrumb\":{\"@id\":\"https:\\\/\\\/labeauteduvin.com\\\/?p=36#breadcrumb\"},\"inLanguage\":\"en-US\",\"potentialAction\":[{\"@type\":\"ReadAction\",\"target\":[\"https:\\\/\\\/labeauteduvin.com\\\/?p=36\"]}]},{\"@type\":\"ImageObject\",\"inLanguage\":\"en-US\",\"@id\":\"https:\\\/\\\/labeauteduvin.com\\\/?p=36#primaryimage\",\"url\":\"https:\\\/\\\/labeauteduvin.com\\\/wp-content\\\/uploads\\\/2020\\\/06\\\/Bodegas-Valdemar-le-Conde-espagnol-favori-de-Que\u0301bec.png\",\"contentUrl\":\"https:\\\/\\\/labeauteduvin.com\\\/wp-content\\\/uploads\\\/2020\\\/06\\\/Bodegas-Valdemar-le-Conde-espagnol-favori-de-Que\u0301bec.png\",\"width\":916,\"height\":1236},{\"@type\":\"BreadcrumbList\",\"@id\":\"https:\\\/\\\/labeauteduvin.com\\\/?p=36#breadcrumb\",\"itemListElement\":[{\"@type\":\"ListItem\",\"position\":1,\"name\":\"Accueil\",\"item\":\"https:\\\/\\\/labeauteduvin.com\\\/\"},{\"@type\":\"ListItem\",\"position\":2,\"name\":\"Bodegas Valdemar\"}]},{\"@type\":\"WebSite\",\"@id\":\"https:\\\/\\\/labeauteduvin.com\\\/#website\",\"url\":\"https:\\\/\\\/labeauteduvin.com\\\/\",\"name\":\"La Beaut\u00e9 du vin\",\"description\":\"&Eacute;v&eacute;nements, t&eacute;l&eacute;vision &amp; Animation\",\"potentialAction\":[{\"@type\":\"SearchAction\",\"target\":{\"@type\":\"EntryPoint\",\"urlTemplate\":\"https:\\\/\\\/labeauteduvin.com\\\/?s={search_term_string}\"},\"query-input\":{\"@type\":\"PropertyValueSpecification\",\"valueRequired\":true,\"valueName\":\"search_term_string\"}}],\"inLanguage\":\"en-US\"},{\"@type\":\"Person\",\"@id\":\"https:\\\/\\\/labeauteduvin.com\\\/#\\\/schema\\\/person\\\/eca3aced8c9ea0ac1f8e96dbed93a3b6\",\"name\":\"Susana Ochoa\",\"image\":{\"@type\":\"ImageObject\",\"inLanguage\":\"en-US\",\"@id\":\"https:\\\/\\\/secure.gravatar.com\\\/avatar\\\/7f47d4fe4621afb85569edf6d736169004b066d1a39168bf589989dc1d83b810?s=96&d=mm&r=g\",\"url\":\"https:\\\/\\\/secure.gravatar.com\\\/avatar\\\/7f47d4fe4621afb85569edf6d736169004b066d1a39168bf589989dc1d83b810?s=96&d=mm&r=g\",\"contentUrl\":\"https:\\\/\\\/secure.gravatar.com\\\/avatar\\\/7f47d4fe4621afb85569edf6d736169004b066d1a39168bf589989dc1d83b810?s=96&d=mm&r=g\",\"caption\":\"Susana Ochoa\"},\"url\":\"https:\\\/\\\/labeauteduvin.com\\\/?author=8\"}]}<\/script>\n<!-- \/ Yoast SEO plugin. -->","yoast_head_json":{"title":"Bodegas Valdemar - La Beaut\u00e9 du vin","robots":{"index":"index","follow":"follow","max-snippet":"max-snippet:-1","max-image-preview":"max-image-preview:large","max-video-preview":"max-video-preview:-1"},"canonical":"https:\/\/labeauteduvin.com\/?p=36","og_locale":"en_US","og_type":"article","og_title":"Bodegas Valdemar - La Beaut\u00e9 du vin","og_description":"Bodegas Valdemar. 20 f\u00e9vrier 2018. Apr\u00e8s 129 ans de passion pour le vin, le savoir-faire de Bodegas Valdemar est encore en feu. Bodegas Valdemar a \u00e9t\u00e9 fond\u00e9e en 1889 par Joaqu\u00edn Mart\u00ednez Bujanda. Il a fallu trois g\u00e9n\u00e9rations, avant que le domaine ne se lance \u00e0 la recherche de nouveaux terroirs qui lui donneraient des [&hellip;]","og_url":"https:\/\/labeauteduvin.com\/?p=36","og_site_name":"La Beaut\u00e9 du vin","article_published_time":"2018-02-21T18:37:41+00:00","article_modified_time":"2024-06-03T04:25:14+00:00","og_image":[{"width":916,"height":1236,"url":"https:\/\/labeauteduvin.com\/wp-content\/uploads\/2020\/06\/Bodegas-Valdemar-le-Conde-espagnol-favori-de-Que\u0301bec.png","type":"image\/png"}],"author":"Susana Ochoa","twitter_card":"summary_large_image","twitter_misc":{"Written by":"Susana Ochoa","Est. reading time":"3 minutes"},"schema":{"@context":"https:\/\/schema.org","@graph":[{"@type":"Article","@id":"https:\/\/labeauteduvin.com\/?p=36#article","isPartOf":{"@id":"https:\/\/labeauteduvin.com\/?p=36"},"author":{"name":"Susana Ochoa","@id":"https:\/\/labeauteduvin.com\/#\/schema\/person\/eca3aced8c9ea0ac1f8e96dbed93a3b6"},"headline":"Bodegas Valdemar","datePublished":"2018-02-21T18:37:41+00:00","dateModified":"2024-06-03T04:25:14+00:00","mainEntityOfPage":{"@id":"https:\/\/labeauteduvin.com\/?p=36"},"wordCount":696,"image":{"@id":"https:\/\/labeauteduvin.com\/?p=36#primaryimage"},"thumbnailUrl":"https:\/\/labeauteduvin.com\/wp-content\/uploads\/2020\/06\/Bodegas-Valdemar-le-Conde-espagnol-favori-de-Que\u0301bec.png","articleSection":["Espagne","\u00c9v\u00e9nements"],"inLanguage":"en-US"},{"@type":"WebPage","@id":"https:\/\/labeauteduvin.com\/?p=36","url":"https:\/\/labeauteduvin.com\/?p=36","name":"Bodegas Valdemar - La Beaut\u00e9 du vin","isPartOf":{"@id":"https:\/\/labeauteduvin.com\/#website"},"primaryImageOfPage":{"@id":"https:\/\/labeauteduvin.com\/?p=36#primaryimage"},"image":{"@id":"https:\/\/labeauteduvin.com\/?p=36#primaryimage"},"thumbnailUrl":"https:\/\/labeauteduvin.com\/wp-content\/uploads\/2020\/06\/Bodegas-Valdemar-le-Conde-espagnol-favori-de-Que\u0301bec.png","datePublished":"2018-02-21T18:37:41+00:00","dateModified":"2024-06-03T04:25:14+00:00","author":{"@id":"https:\/\/labeauteduvin.com\/#\/schema\/person\/eca3aced8c9ea0ac1f8e96dbed93a3b6"},"breadcrumb":{"@id":"https:\/\/labeauteduvin.com\/?p=36#breadcrumb"},"inLanguage":"en-US","potentialAction":[{"@type":"ReadAction","target":["https:\/\/labeauteduvin.com\/?p=36"]}]},{"@type":"ImageObject","inLanguage":"en-US","@id":"https:\/\/labeauteduvin.com\/?p=36#primaryimage","url":"https:\/\/labeauteduvin.com\/wp-content\/uploads\/2020\/06\/Bodegas-Valdemar-le-Conde-espagnol-favori-de-Que\u0301bec.png","contentUrl":"https:\/\/labeauteduvin.com\/wp-content\/uploads\/2020\/06\/Bodegas-Valdemar-le-Conde-espagnol-favori-de-Que\u0301bec.png","width":916,"height":1236},{"@type":"BreadcrumbList","@id":"https:\/\/labeauteduvin.com\/?p=36#breadcrumb","itemListElement":[{"@type":"ListItem","position":1,"name":"Accueil","item":"https:\/\/labeauteduvin.com\/"},{"@type":"ListItem","position":2,"name":"Bodegas Valdemar"}]},{"@type":"WebSite","@id":"https:\/\/labeauteduvin.com\/#website","url":"https:\/\/labeauteduvin.com\/","name":"La Beaut\u00e9 du vin","description":"&Eacute;v&eacute;nements, t&eacute;l&eacute;vision &amp; Animation","potentialAction":[{"@type":"SearchAction","target":{"@type":"EntryPoint","urlTemplate":"https:\/\/labeauteduvin.com\/?s={search_term_string}"},"query-input":{"@type":"PropertyValueSpecification","valueRequired":true,"valueName":"search_term_string"}}],"inLanguage":"en-US"},{"@type":"Person","@id":"https:\/\/labeauteduvin.com\/#\/schema\/person\/eca3aced8c9ea0ac1f8e96dbed93a3b6","name":"Susana Ochoa","image":{"@type":"ImageObject","inLanguage":"en-US","@id":"https:\/\/secure.gravatar.com\/avatar\/7f47d4fe4621afb85569edf6d736169004b066d1a39168bf589989dc1d83b810?s=96&d=mm&r=g","url":"https:\/\/secure.gravatar.com\/avatar\/7f47d4fe4621afb85569edf6d736169004b066d1a39168bf589989dc1d83b810?s=96&d=mm&r=g","contentUrl":"https:\/\/secure.gravatar.com\/avatar\/7f47d4fe4621afb85569edf6d736169004b066d1a39168bf589989dc1d83b810?s=96&d=mm&r=g","caption":"Susana Ochoa"},"url":"https:\/\/labeauteduvin.com\/?author=8"}]}},"_links":{"self":[{"href":"https:\/\/labeauteduvin.com\/index.php?rest_route=\/wp\/v2\/posts\/36","targetHints":{"allow":["GET"]}}],"collection":[{"href":"https:\/\/labeauteduvin.com\/index.php?rest_route=\/wp\/v2\/posts"}],"about":[{"href":"https:\/\/labeauteduvin.com\/index.php?rest_route=\/wp\/v2\/types\/post"}],"author":[{"embeddable":true,"href":"https:\/\/labeauteduvin.com\/index.php?rest_route=\/wp\/v2\/users\/8"}],"replies":[{"embeddable":true,"href":"https:\/\/labeauteduvin.com\/index.php?rest_route=%2Fwp%2Fv2%2Fcomments&post=36"}],"version-history":[{"count":0,"href":"https:\/\/labeauteduvin.com\/index.php?rest_route=\/wp\/v2\/posts\/36\/revisions"}],"wp:featuredmedia":[{"embeddable":true,"href":"https:\/\/labeauteduvin.com\/index.php?rest_route=\/wp\/v2\/media\/37"}],"wp:attachment":[{"href":"https:\/\/labeauteduvin.com\/index.php?rest_route=%2Fwp%2Fv2%2Fmedia&parent=36"}],"wp:term":[{"taxonomy":"category","embeddable":true,"href":"https:\/\/labeauteduvin.com\/index.php?rest_route=%2Fwp%2Fv2%2Fcategories&post=36"},{"taxonomy":"post_tag","embeddable":true,"href":"https:\/\/labeauteduvin.com\/index.php?rest_route=%2Fwp%2Fv2%2Ftags&post=36"}],"curies":[{"name":"wp","href":"https:\/\/api.w.org\/{rel}","templated":true}]}}